{"id":74,"date":"2021-07-17T10:34:03","date_gmt":"2021-07-17T08:34:03","guid":{"rendered":"https:\/\/champclause.fr\/?p=74"},"modified":"2021-10-21T21:28:46","modified_gmt":"2021-10-21T19:28:46","slug":"histoire","status":"publish","type":"post","link":"https:\/\/champclause.fr\/index.php\/2021\/07\/17\/histoire\/","title":{"rendered":"Histoire"},"content":{"rendered":"\n<div class=\"wp-block-group\"><div class=\"wp-block-group__inner-container is-layout-flow wp-block-group-is-layout-flow\">\n<div class=\"wp-block-columns is-layout-flex wp-container-core-columns-is-layout-9d6595d7 wp-block-columns-is-layout-flex\">\n<div class=\"wp-block-column is-vertically-aligned-top is-layout-flow wp-block-column-is-layout-flow\" style=\"flex-basis:100%\">\n<div class=\"wp-block-columns is-layout-flex wp-container-core-columns-is-layout-9d6595d7 wp-block-columns-is-layout-flex\"><\/div>\n<\/div>\n<\/div>\n<\/div><\/div>\n\n\n\n<div class=\"alignnormal\"><div id=\"metaslider-id-230\" style=\"width: 100%;\" class=\"ml-slider-3-108-0 metaslider metaslider-flex metaslider-230 ml-slider has-dots-nav ms-theme-default\" role=\"region\" aria-label=\"Diaporama1\" data-height=\"300\" data-width=\"700\">\n    <div id=\"metaslider_container_230\">\n        <div id=\"metaslider_230\">\n            <ul class='slides'>\n                <li style=\"display: block; width: 100%;\" class=\"slide-231 ms-image \" aria-roledescription=\"slide\" data-date=\"2021-07-17 10:45:17\" data-filename=\"Vache5-700x300.jpg\" data-slide-type=\"image\"><img loading=\"lazy\" decoding=\"async\" src=\"https:\/\/champclause.fr\/wp-content\/uploads\/2021\/07\/Vache5-700x300.jpg\" height=\"300\" width=\"700\" alt=\"\" class=\"slider-230 slide-231 msDefaultImage\" title=\"Fin gras du M\u00e9zenc\" \/><div class=\"caption-wrap\"><div class=\"caption\">Fin gras du M\u00e9zenc<\/div><\/div><\/li>\n                <li style=\"display: none; width: 100%;\" class=\"slide-232 ms-image \" aria-roledescription=\"slide\" data-date=\"2021-07-17 10:45:56\" data-filename=\"Eglise-champ3-700x300.jpg\" data-slide-type=\"image\"><img loading=\"lazy\" decoding=\"async\" src=\"https:\/\/champclause.fr\/wp-content\/uploads\/2021\/07\/Eglise-champ3-700x300.jpg\" height=\"300\" width=\"700\" alt=\"\" class=\"slider-230 slide-232 msDefaultImage\" title=\"Eglise champ3\" \/><\/li>\n                <li style=\"display: none; width: 100%;\" class=\"slide-233 ms-image \" aria-roledescription=\"slide\" data-date=\"2021-07-17 10:45:56\" data-filename=\"Champclause6-700x300.jpg\" data-slide-type=\"image\"><img loading=\"lazy\" decoding=\"async\" src=\"https:\/\/champclause.fr\/wp-content\/uploads\/2021\/07\/Champclause6-700x300.jpg\" height=\"300\" width=\"700\" alt=\"\" class=\"slider-230 slide-233 msDefaultImage\" title=\"Champclause6\" \/><\/li>\n                <li style=\"display: none; width: 100%;\" class=\"slide-235 ms-image \" aria-roledescription=\"slide\" data-date=\"2021-07-17 10:45:56\" data-filename=\"Lac-bleu8-700x300.jpg\" data-slide-type=\"image\"><img loading=\"lazy\" decoding=\"async\" src=\"https:\/\/champclause.fr\/wp-content\/uploads\/2021\/07\/Lac-bleu8-700x300.jpg\" height=\"300\" width=\"700\" alt=\"\" class=\"slider-230 slide-235 msDefaultImage\" title=\"Lac bleu8\" \/><\/li>\n                <li style=\"display: none; width: 100%;\" class=\"slide-367 ms-image \" aria-roledescription=\"slide\" data-date=\"2021-07-18 23:22:52\" data-filename=\"Jonquille5-700x300.jpg\" data-slide-type=\"image\"><img loading=\"lazy\" decoding=\"async\" src=\"https:\/\/champclause.fr\/wp-content\/uploads\/2021\/07\/Jonquille5-700x300.jpg\" height=\"300\" width=\"700\" alt=\"\" class=\"slider-230 slide-367 msDefaultImage\" title=\"SONY DSC\" \/><div class=\"caption-wrap\"><div class=\"caption\">SONY DSC<\/div><\/div><\/li>\n                <li style=\"display: none; width: 100%;\" class=\"slide-368 ms-image \" aria-roledescription=\"slide\" data-date=\"2021-07-18 23:23:36\" data-filename=\"Assemble\u0301e-monvert-700x300.jpg\" data-slide-type=\"image\"><img loading=\"lazy\" decoding=\"async\" src=\"https:\/\/champclause.fr\/wp-content\/uploads\/2021\/07\/Assemble\u0301e-monvert-700x300.jpg\" height=\"300\" width=\"700\" alt=\"\" class=\"slider-230 slide-368 msDefaultImage\" title=\"Assemble\u0301e monvert\" \/><\/li>\n                <li style=\"display: none; width: 100%;\" class=\"slide-369 ms-image \" aria-roledescription=\"slide\" data-date=\"2021-07-18 23:23:42\" data-filename=\"Monvert-neige-700x300.jpg\" data-slide-type=\"image\"><img loading=\"lazy\" decoding=\"async\" src=\"https:\/\/champclause.fr\/wp-content\/uploads\/2021\/07\/Monvert-neige-700x300.jpg\" height=\"300\" width=\"700\" alt=\"\" class=\"slider-230 slide-369 msDefaultImage\" title=\"SONY DSC\" \/><div class=\"caption-wrap\"><div class=\"caption\">SONY DSC<\/div><\/div><\/li>\n                <li style=\"display: none; width: 100%;\" class=\"slide-370 ms-image \" aria-roledescription=\"slide\" data-date=\"2021-07-18 23:23:51\" data-filename=\"Fleur-pissenlit-700x300.jpg\" data-slide-type=\"image\"><img loading=\"lazy\" decoding=\"async\" src=\"https:\/\/champclause.fr\/wp-content\/uploads\/2021\/07\/Fleur-pissenlit-700x300.jpg\" height=\"300\" width=\"700\" alt=\"\" class=\"slider-230 slide-370 msDefaultImage\" title=\"SONY DSC\" \/><div class=\"caption-wrap\"><div class=\"caption\">SONY DSC<\/div><\/div><\/li>\n                <li style=\"display: none; width: 100%;\" class=\"slide-371 ms-image \" aria-roledescription=\"slide\" data-date=\"2021-07-18 23:24:14\" data-filename=\"Eglise-bouss2-700x300.jpg\" data-slide-type=\"image\"><img loading=\"lazy\" decoding=\"async\" src=\"https:\/\/champclause.fr\/wp-content\/uploads\/2021\/07\/Eglise-bouss2-700x300.jpg\" height=\"300\" width=\"700\" alt=\"\" class=\"slider-230 slide-371 msDefaultImage\" title=\"Eglise bouss2\" \/><div class=\"caption-wrap\"><div class=\"caption\">Eglise Boussoulet<\/div><\/div><\/li>\n                <li style=\"display: none; width: 100%;\" class=\"slide-372 ms-image \" aria-roledescription=\"slide\" data-date=\"2021-07-18 23:24:31\" data-filename=\"PHOTO-AUBERGE-5-700x300.jpg\" data-slide-type=\"image\"><img loading=\"lazy\" decoding=\"async\" src=\"https:\/\/champclause.fr\/wp-content\/uploads\/2021\/07\/PHOTO-AUBERGE-5-700x300.jpg\" height=\"300\" width=\"700\" alt=\"\" class=\"slider-230 slide-372 msDefaultImage\" title=\"PHOTO AUBERGE 5\" \/><\/li>\n            <\/ul>\n        <\/div>\n        \n    <\/div>\n<\/div><\/div>\n\n\n\n<div class=\"wp-block-columns is-layout-flex wp-container-core-columns-is-layout-9d6595d7 wp-block-columns-is-layout-flex\">\n<div class=\"wp-block-column is-layout-flow wp-block-column-is-layout-flow\" style=\"flex-basis:100%\">\n<div class=\"wp-block-columns is-layout-flex wp-container-core-columns-is-layout-9d6595d7 wp-block-columns-is-layout-flex\">\n<div class=\"wp-block-column is-layout-flow wp-block-column-is-layout-flow\" style=\"flex-basis:100%\">\n<div class=\"wp-block-columns is-layout-flex wp-container-core-columns-is-layout-9d6595d7 wp-block-columns-is-layout-flex\">\n<div class=\"wp-block-column is-layout-flow wp-block-column-is-layout-flow\">\n<p>La partie sud-est du <a href=\"http:\/\/fr.wikipedia.org\/wiki\/Velay\">Velay<\/a>, o\u00f9 se situe la commune de Champlause, a vu se maintenir au fil des si\u00e8cles, en d\u00e9pit des pers\u00e9cutions, toute une population <a href=\"http:\/\/fr.wikipedia.org\/wiki\/Protestantisme\">protestante<\/a>, concentr\u00e9e surtout dans le canton de <a href=\"http:\/\/fr.wikipedia.org\/wiki\/Fay-sur-Lignon\">Fay-sur-Lignon<\/a>, mais aussi dans quelques cantons limitrophes de l\u2019<a href=\"http:\/\/fr.wikipedia.org\/wiki\/Ard%C3%A8che_%28d%C3%A9partement%29\">Ard\u00e8che<\/a>. Au XIX<sup>e<\/sup> si\u00e8cle, 3&nbsp;% de la population de la Haute-Loire est de confession <a href=\"http:\/\/fr.wikipedia.org\/wiki\/Calvinisme\">calviniste<\/a>. Ainsi les localit\u00e9s de <a href=\"http:\/\/fr.wikipedia.org\/wiki\/Mazet-Saint-Voy\">Mazet-Saint-Voy<\/a> et de <a href=\"http:\/\/fr.wikipedia.org\/wiki\/Chambon-sur-Lignon\">Chambon-sur-Lignon<\/a> sont-elles presque enti\u00e8rement protestantes, de m\u00eame que le petit <em>village<\/em> de Champclause. La <em>commune<\/em> de Champclause comptait en 1760 une centaine de protestants, et le pourcentage de ceux-ci dans la population totale de la commune \u00e9tait en 1851 de 27&nbsp;%<a href=\"file:\/\/\/F:\/mairie%20de%20champclause\/essai%20internet\/Archives%20Site%20internet%2004-2015\/Macintosh%20HD:\/E-\/Champclause1\/Doc%20d\u017dfinitifs\/COMMUNE\/Macintosh%20HD-\/Users\/admin\/Desktop\/Champclause%20\u201e%20Wikip_dia.html#cite_note-1\"><sup>1<\/sup><\/a>. De la m\u00eame mani\u00e8re que cette partie du Velay a \u00e9t\u00e9 longtemps divis\u00e9e par une opposition permanente et farouche (sans toutefois jamais prendre des tours violents) entre <a href=\"http:\/\/fr.wikipedia.org\/wiki\/Catholicisme\">catholiques<\/a> et protestants, l\u2019histoire de la commune de Champclause a \u00e9galement \u00e9t\u00e9 marqu\u00e9e par cet antagonisme religieux, se traduisant en l\u2019esp\u00e8ce par des tentatives r\u00e9p\u00e9t\u00e9es de d\u00e9tacher de Champclause le village de Boussoulet.<\/p>\n<\/div>\n\n\n\n<div class=\"wp-block-column is-vertically-aligned-top is-layout-flow wp-block-column-is-layout-flow\">\n<p><strong>G\u00e9ographie<\/strong><br><strong>Champclause<\/strong> est une <a href=\"http:\/\/fr.wikipedia.org\/wiki\/Commune_%28France%29\">commune <\/a>situ\u00e9e dans le <a href=\"http:\/\/fr.wikipedia.org\/wiki\/D%C3%A9partements_fran%C3%A7ais\">d\u00e9partement<\/a> de la <a href=\"http:\/\/fr.wikipedia.org\/wiki\/Haute-Loire\">Haute-Loire<\/a> en <a href=\"http:\/\/fr.wikipedia.org\/wiki\/R%C3%A9gions_fran%C3%A7aises\">r\u00e9gion<\/a> <a href=\"http:\/\/fr.wikipedia.org\/wiki\/Auvergne\">Auvergne<\/a>, rattach\u00e9e au canton de Fay sur Lignon.<br>La commune s\u2019\u00e9tend sur 22,3 km\u00b2.\u00a0Entour\u00e9 par les communes de St Julien Chapteuil, Queyri\u00e8res, St Front, <a href=\"http:\/\/www.annuaire-mairie.fr\/mairie-montusclat.html\">Montusclat<\/a>, <a href=\"http:\/\/www.annuaire-mairie.fr\/mairie-mazet-saint-voy.html\">Mazet-Saint-Voy<\/a> et <a href=\"http:\/\/www.annuaire-mairie.fr\/mairie-fay-sur-lignon.html\">Fay-sur-Lignon<\/a>.\u00a0Situ\u00e9 \u00e0 1 220 m\u00e8tres d\u2019altitude, le village de Champclause a pour coordonn\u00e9es g\u00e9ographiques<br><strong>Latitude:<\/strong> 45\u00b0 1\u2032 21\u00a0\u00bb Nord<br><strong>Longitude:<\/strong> 4\u00b0 10\u2032 33\u00a0\u00bb Est.<br>C\u2019est une commune de moyenne montagne, aux hivers rigoureux, sise sur un plateau de 1200 m\u00e8tres environ, et parsem\u00e9e de plusieurs mornes, parmi lesquels le <a href=\"http:\/\/fr.wikipedia.org\/wiki\/Testavoira\">mont Testavoyre<\/a>, point culminant du massif du <a href=\"http:\/\/fr.wikipedia.org\/wiki\/Meygal\">Meygal<\/a> (1436m), dont le flanc sud-est occupe l\u2019extr\u00eame nord de la commune. Le quart nord-ouest de Champclause est couvert d\u2019une for\u00eat de r\u00e9sineux.<\/p>\n<\/div>\n<\/div>\n<\/div>\n<\/div>\n\n\n\n<div class=\"wp-block-columns is-layout-flex wp-container-core-columns-is-layout-9d6595d7 wp-block-columns-is-layout-flex\">\n<div class=\"wp-block-column is-layout-flow wp-block-column-is-layout-flow\">\n<p><strong>Politique et administration<\/strong><br>Outre le chef-lieu Champclause, petite localit\u00e9 assez retir\u00e9e, la commune comprend les<br>villages et&nbsp;hameaux suivants&nbsp;:<em> Boussoulet, travers\u00e9 par la route d\u00e9partementale D15, Montvert, Ourbe, Faussimagne Les Balayes ,<\/em> <em>Les&nbsp;Fournets, et Montival<\/em><br>Le maire de Champclause est Mr Emmanuel Palhier.<\/p>\n\n\n\n<p><strong>D\u00e9mographie<\/strong><br>En 2011, la commune comptait 200&nbsp;habitants. L\u2019\u00e9volution du nombre d\u2019habitants est connue \u00e0 travers les recensements de la population effectu\u00e9s dans la commune depuis 1793. \u00c0 partir du XXI<sup>e<\/sup>&nbsp;si\u00e8cle, les recensements r\u00e9els des communes de moins de 10&nbsp;000&nbsp;habitants ont lieu tous les cinq ans, contrairement aux autres communes qui ont une enqu\u00eate par sondage chaque ann\u00e9e. Notre population est constitu\u00e9e de nombreuses r\u00e9sidences secondaires.<\/p>\n<\/div>\n<\/div>\n<\/div>\n<\/div>\n","protected":false},"excerpt":{"rendered":"<p>La partie sud-est du Velay, o\u00f9 se situe la commune de Champlause, a vu se maintenir au fil des si\u00e8cles, en d\u00e9pit des pers\u00e9cutions, toute une population protestante, concentr\u00e9e surtout&hellip;<\/p>\n","protected":false},"author":2,"featured_media":0,"comment_status":"closed","ping_status":"closed","sticky":false,"template":"","format":"standard","meta":{"footnotes":""},"categories":[1],"tags":[],"class_list":["post-74","post","type-post","status-publish","format-standard","hentry","category-non-classe"],"_links":{"self":[{"href":"https:\/\/champclause.fr\/index.php\/wp-json\/wp\/v2\/posts\/74","targetHints":{"allow":["GET"]}}],"collection":[{"href":"https:\/\/champclause.fr\/index.php\/wp-json\/wp\/v2\/posts"}],"about":[{"href":"https:\/\/champclause.fr\/index.php\/wp-json\/wp\/v2\/types\/post"}],"author":[{"embeddable":true,"href":"https:\/\/champclause.fr\/index.php\/wp-json\/wp\/v2\/users\/2"}],"replies":[{"embeddable":true,"href":"https:\/\/champclause.fr\/index.php\/wp-json\/wp\/v2\/comments?post=74"}],"version-history":[{"count":7,"href":"https:\/\/champclause.fr\/index.php\/wp-json\/wp\/v2\/posts\/74\/revisions"}],"predecessor-version":[{"id":628,"href":"https:\/\/champclause.fr\/index.php\/wp-json\/wp\/v2\/posts\/74\/revisions\/628"}],"wp:attachment":[{"href":"https:\/\/champclause.fr\/index.php\/wp-json\/wp\/v2\/media?parent=74"}],"wp:term":[{"taxonomy":"category","embeddable":true,"href":"https:\/\/champclause.fr\/index.php\/wp-json\/wp\/v2\/categories?post=74"},{"taxonomy":"post_tag","embeddable":true,"href":"https:\/\/champclause.fr\/index.php\/wp-json\/wp\/v2\/tags?post=74"}],"curies":[{"name":"wp","href":"https:\/\/api.w.org\/{rel}","templated":true}]}}